{"id":3958,"date":"2016-11-15T00:16:26","date_gmt":"2016-11-14T23:16:26","guid":{"rendered":"http:\/\/menjarsroseta.cat\/?p=3958"},"modified":"2019-08-10T07:51:29","modified_gmt":"2019-08-10T06:51:29","slug":"pomes-farcides-sant-andreu","status":"publish","type":"post","link":"https:\/\/menjarsroseta.cat\/es\/pomes-farcides-sant-andreu\/","title":{"rendered":"(Catal\u00e0) POMES FARCIDES DE SANT ANDREU"},"content":{"rendered":"<p><\/p>\n<p style=\"text-align: justify;\"><strong><span style=\"color: #000000;\">El mes de Noviembre es un momento importante para Llavaneres y sobretodo para la gastronomia local pues es\u00a0el momento de las MANZANAS RELLENAS DE SANT ANDREU.<\/span><\/strong><\/p>\n<p style=\"text-align: justify;\"><strong><span style=\"color: #000000;\"><img loading=\"lazy\" decoding=\"async\" class=\"size-medium wp-image-3959 aligncenter\" src=\"http:\/\/menjarsroseta.cat\/wp-content\/uploads\/2016\/11\/Pomes-300x225.jpg\" alt=\"Pomes\" width=\"300\" height=\"225\" srcset=\"https:\/\/menjarsroseta.cat\/wp-content\/uploads\/2016\/11\/Pomes-300x225.jpg 300w, https:\/\/menjarsroseta.cat\/wp-content\/uploads\/2016\/11\/Pomes.jpg 320w\" sizes=\"auto, (max-width: 300px) 100vw, 300px\" \/><\/span><\/strong><\/p>\n<p style=\"text-align: justify;\"><strong><span style=\"color: #000000;\">Una de las tradiciones populares de nuestro pueblo es sin duda la preparaci\u00f3n de este exquisito plato de oto\u00f1o que tan bien se preparan en muchos de nuestros hogares. En la Roseta a\u00f1o tras a\u00f1o seguimos con la tradici\u00f3n de la cocina popular local y cocinamos centenares de manzanas para nuestros clientes.<\/span><\/strong><\/p>\n<p style=\"text-align: justify;\"><strong><span style=\"color: #000000;\">Nosotros seguimos la receta que nos dejo nuestra abuela y que nuestros padres nos ense\u00f1aron a preservar. En la Roseta nos complace mantener y popularizar los platos t\u00edpicos de nuestro pueblo como son los guisantes de Llavaneres y la manzanas rellenas.<\/span><\/strong><\/p>\n<p style=\"text-align: justify;\"><img loading=\"lazy\" decoding=\"async\" class=\"size-medium wp-image-3966 aligncenter\" src=\"http:\/\/menjarsroseta.cat\/wp-content\/uploads\/2016\/11\/pomes1-1-300x225.jpg\" alt=\"pomes1\" width=\"300\" height=\"225\" srcset=\"https:\/\/menjarsroseta.cat\/wp-content\/uploads\/2016\/11\/pomes1-1-300x225.jpg 300w, https:\/\/menjarsroseta.cat\/wp-content\/uploads\/2016\/11\/pomes1-1-600x450.jpg 600w, https:\/\/menjarsroseta.cat\/wp-content\/uploads\/2016\/11\/pomes1-1-768x576.jpg 768w, https:\/\/menjarsroseta.cat\/wp-content\/uploads\/2016\/11\/pomes1-1-1024x768.jpg 1024w, https:\/\/menjarsroseta.cat\/wp-content\/uploads\/2016\/11\/pomes1-1-467x350.jpg 467w, https:\/\/menjarsroseta.cat\/wp-content\/uploads\/2016\/11\/pomes1-1-500x375.jpg 500w, https:\/\/menjarsroseta.cat\/wp-content\/uploads\/2016\/11\/pomes1-1.jpg 2048w\" sizes=\"auto, (max-width: 300px) 100vw, 300px\" \/><\/p>\n<p style=\"text-align: justify;\"><img loading=\"lazy\" decoding=\"async\" class=\"size-medium wp-image-3967 aligncenter\" src=\"http:\/\/menjarsroseta.cat\/wp-content\/uploads\/2016\/11\/pomes3-300x225.jpg\" alt=\"pomes3\" width=\"300\" height=\"225\" srcset=\"https:\/\/menjarsroseta.cat\/wp-content\/uploads\/2016\/11\/pomes3-300x225.jpg 300w, https:\/\/menjarsroseta.cat\/wp-content\/uploads\/2016\/11\/pomes3-600x450.jpg 600w, https:\/\/menjarsroseta.cat\/wp-content\/uploads\/2016\/11\/pomes3-768x576.jpg 768w, https:\/\/menjarsroseta.cat\/wp-content\/uploads\/2016\/11\/pomes3-1024x768.jpg 1024w, https:\/\/menjarsroseta.cat\/wp-content\/uploads\/2016\/11\/pomes3-467x350.jpg 467w, https:\/\/menjarsroseta.cat\/wp-content\/uploads\/2016\/11\/pomes3-500x375.jpg 500w, https:\/\/menjarsroseta.cat\/wp-content\/uploads\/2016\/11\/pomes3.jpg 2048w\" sizes=\"auto, (max-width: 300px) 100vw, 300px\" \/><\/p>\n<p style=\"text-align: justify;\"><strong><span style=\"color: #000000;\"><img loading=\"lazy\" decoding=\"async\" class=\"size-medium wp-image-3961 aligncenter\" src=\"http:\/\/menjarsroseta.cat\/wp-content\/uploads\/2016\/11\/pomes-sant-andreu-1-300x225.jpg\" alt=\"pomes sant andreu (1)\" width=\"300\" height=\"225\" srcset=\"https:\/\/menjarsroseta.cat\/wp-content\/uploads\/2016\/11\/pomes-sant-andreu-1-300x225.jpg 300w, https:\/\/menjarsroseta.cat\/wp-content\/uploads\/2016\/11\/pomes-sant-andreu-1-600x450.jpg 600w, https:\/\/menjarsroseta.cat\/wp-content\/uploads\/2016\/11\/pomes-sant-andreu-1-768x576.jpg 768w, https:\/\/menjarsroseta.cat\/wp-content\/uploads\/2016\/11\/pomes-sant-andreu-1-1024x768.jpg 1024w, https:\/\/menjarsroseta.cat\/wp-content\/uploads\/2016\/11\/pomes-sant-andreu-1-467x350.jpg 467w, https:\/\/menjarsroseta.cat\/wp-content\/uploads\/2016\/11\/pomes-sant-andreu-1-500x375.jpg 500w, https:\/\/menjarsroseta.cat\/wp-content\/uploads\/2016\/11\/pomes-sant-andreu-1.jpg 2048w\" sizes=\"auto, (max-width: 300px) 100vw, 300px\" \/><\/span><\/strong><\/p>\n<p style=\"text-align: justify;\"><strong><span style=\"color: #000000;\">Desde el pr\u00f3ximo 23\/11 y hasta el 4\/12 prepararemos las manzanas rellenas que ya podeis encargar desde hoy mismo. Un a\u00f1o m\u00e1s esperamos recibir la confianza de nustros clientes.<\/span><\/strong><\/p>\n<p style=\"text-align: justify;\"><strong><span style=\"color: #000000;\">Se trata de un lato muy singular y poco conocido fuera del \u00e1mbito del pueblo y de algunos lugares del Maresme como por ejemplo Arenys de Munt, es una comida muy dulce que necesita mucho tiempo de preparaci\u00f3n y cocci\u00f3n.<\/span><\/strong><\/p>\n<p style=\"text-align: justify;\"><strong><span style=\"color: #000000;\"><img loading=\"lazy\" decoding=\"async\" class=\"size-medium wp-image-3962 aligncenter\" src=\"http:\/\/menjarsroseta.cat\/wp-content\/uploads\/2016\/11\/pomes1-300x225.jpg\" alt=\"pomes1\" width=\"300\" height=\"225\" srcset=\"https:\/\/menjarsroseta.cat\/wp-content\/uploads\/2016\/11\/pomes1-300x225.jpg 300w, https:\/\/menjarsroseta.cat\/wp-content\/uploads\/2016\/11\/pomes1-600x450.jpg 600w, https:\/\/menjarsroseta.cat\/wp-content\/uploads\/2016\/11\/pomes1-768x576.jpg 768w, https:\/\/menjarsroseta.cat\/wp-content\/uploads\/2016\/11\/pomes1-1024x768.jpg 1024w, https:\/\/menjarsroseta.cat\/wp-content\/uploads\/2016\/11\/pomes1-467x350.jpg 467w, https:\/\/menjarsroseta.cat\/wp-content\/uploads\/2016\/11\/pomes1-500x375.jpg 500w, https:\/\/menjarsroseta.cat\/wp-content\/uploads\/2016\/11\/pomes1.jpg 2048w\" sizes=\"auto, (max-width: 300px) 100vw, 300px\" \/><\/span><\/strong><\/p>\n<p style=\"text-align: justify;\"><strong><span style=\"color: #000000;\"><img loading=\"lazy\" decoding=\"async\" class=\"size-medium wp-image-3963 aligncenter\" src=\"http:\/\/menjarsroseta.cat\/wp-content\/uploads\/2016\/11\/pomes2-300x225.jpg\" alt=\"pomes2\" width=\"300\" height=\"225\" srcset=\"https:\/\/menjarsroseta.cat\/wp-content\/uploads\/2016\/11\/pomes2-300x225.jpg 300w, https:\/\/menjarsroseta.cat\/wp-content\/uploads\/2016\/11\/pomes2-600x450.jpg 600w, https:\/\/menjarsroseta.cat\/wp-content\/uploads\/2016\/11\/pomes2-768x576.jpg 768w, https:\/\/menjarsroseta.cat\/wp-content\/uploads\/2016\/11\/pomes2-1024x768.jpg 1024w, https:\/\/menjarsroseta.cat\/wp-content\/uploads\/2016\/11\/pomes2-467x350.jpg 467w, https:\/\/menjarsroseta.cat\/wp-content\/uploads\/2016\/11\/pomes2-500x375.jpg 500w, https:\/\/menjarsroseta.cat\/wp-content\/uploads\/2016\/11\/pomes2.jpg 2048w\" sizes=\"auto, (max-width: 300px) 100vw, 300px\" \/><\/span><\/strong><\/p>\n<p><\/p>","protected":false},"excerpt":{"rendered":"<p>El mes de Noviembre es un momento importante para Llavaneres y sobretodo para la gastronomia local pues es\u00a0el momento de <a class=\"read-more\" href=\"https:\/\/menjarsroseta.cat\/es\/pomes-farcides-sant-andreu\/\">Read More&#8230;<\/a><\/p>\n","protected":false},"author":3,"featured_media":3968,"comment_status":"closed","ping_status":"open","sticky":false,"template":"","format":"standard","meta":{"ngg_post_thumbnail":0,"footnotes":""},"categories":[1],"tags":[282,281,279,280],"class_list":["post-3958","post","type-post","status-publish","format-standard","has-post-thumbnail","hentry","category-sin-categoria","tag-llavaneres","tag-plats-tipics","tag-pomes","tag-rostit"],"yoast_head":"<!-- This site is optimized with the Yoast SEO plugin v26.7 - https:\/\/yoast.com\/wordpress\/plugins\/seo\/ -->\n<title>(Catal\u00e0) POMES FARCIDES DE SANT ANDREU - Menjars Roseta<\/title>\n<meta name=\"robots\" content=\"index, follow, max-snippet:-1, max-image-preview:large, max-video-preview:-1\" \/>\n<link rel=\"canonical\" href=\"https:\/\/menjarsroseta.cat\/pomes-farcides-sant-andreu\/\" \/>\n<meta property=\"og:locale\" content=\"es_ES\" \/>\n<meta property=\"og:type\" content=\"article\" \/>\n<meta property=\"og:title\" content=\"(Catal\u00e0) POMES FARCIDES DE SANT ANDREU - Menjars Roseta\" \/>\n<meta property=\"og:description\" content=\"El mes de Noviembre es un momento importante para Llavaneres y sobretodo para la gastronomia local pues es\u00a0el momento de Read More...\" \/>\n<meta property=\"og:url\" content=\"https:\/\/menjarsroseta.cat\/pomes-farcides-sant-andreu\/\" \/>\n<meta property=\"og:site_name\" content=\"Menjars Roseta\" \/>\n<meta property=\"article:publisher\" content=\"https:\/\/www.facebook.com\/profile.php?id=100010652077876&amp;fref=ts\" \/>\n<meta property=\"article:published_time\" content=\"2016-11-14T23:16:26+00:00\" \/>\n<meta property=\"article:modified_time\" content=\"2019-08-10T06:51:29+00:00\" \/>\n<meta property=\"og:image\" content=\"https:\/\/menjarsroseta.cat\/wp-content\/uploads\/2016\/11\/POMES.ROSETA-3.jpg\" \/>\n\t<meta property=\"og:image:width\" content=\"2048\" \/>\n\t<meta property=\"og:image:height\" content=\"1536\" \/>\n\t<meta property=\"og:image:type\" content=\"image\/jpeg\" \/>\n<meta name=\"author\" content=\"Andreu Rodenas\" \/>\n<meta name=\"twitter:card\" content=\"summary_large_image\" \/>\n<meta name=\"twitter:label1\" content=\"Escrito por\" \/>\n\t<meta name=\"twitter:data1\" content=\"Andreu Rodenas\" \/>\n\t<meta name=\"twitter:label2\" content=\"Tiempo de lectura\" \/>\n\t<meta name=\"twitter:data2\" content=\"2 minutos\" \/>\n<script type=\"application\/ld+json\" class=\"yoast-schema-graph\">{\"@context\":\"https:\/\/schema.org\",\"@graph\":[{\"@type\":\"Article\",\"@id\":\"https:\/\/menjarsroseta.cat\/pomes-farcides-sant-andreu\/#article\",\"isPartOf\":{\"@id\":\"https:\/\/menjarsroseta.cat\/pomes-farcides-sant-andreu\/\"},\"author\":{\"name\":\"Andreu Rodenas\",\"@id\":\"https:\/\/lavender-partridge-477004.hostingersite.com\/#\/schema\/person\/6056ffc6b7640c9117b2387577256604\"},\"headline\":\"(Catal\u00e0) POMES FARCIDES DE SANT ANDREU\",\"datePublished\":\"2016-11-14T23:16:26+00:00\",\"dateModified\":\"2019-08-10T06:51:29+00:00\",\"mainEntityOfPage\":{\"@id\":\"https:\/\/menjarsroseta.cat\/pomes-farcides-sant-andreu\/\"},\"wordCount\":411,\"publisher\":{\"@id\":\"https:\/\/lavender-partridge-477004.hostingersite.com\/#organization\"},\"image\":{\"@id\":\"https:\/\/menjarsroseta.cat\/pomes-farcides-sant-andreu\/#primaryimage\"},\"thumbnailUrl\":\"https:\/\/menjarsroseta.cat\/wp-content\/uploads\/2016\/11\/POMES.ROSETA-3.jpg\",\"keywords\":[\"Llavaneres\",\"plats t\u00edpics\",\"Pomes\",\"rostit\"],\"inLanguage\":\"es\"},{\"@type\":\"WebPage\",\"@id\":\"https:\/\/menjarsroseta.cat\/pomes-farcides-sant-andreu\/\",\"url\":\"https:\/\/menjarsroseta.cat\/pomes-farcides-sant-andreu\/\",\"name\":\"(Catal\u00e0) POMES FARCIDES DE SANT ANDREU - Menjars Roseta\",\"isPartOf\":{\"@id\":\"https:\/\/lavender-partridge-477004.hostingersite.com\/#website\"},\"primaryImageOfPage\":{\"@id\":\"https:\/\/menjarsroseta.cat\/pomes-farcides-sant-andreu\/#primaryimage\"},\"image\":{\"@id\":\"https:\/\/menjarsroseta.cat\/pomes-farcides-sant-andreu\/#primaryimage\"},\"thumbnailUrl\":\"https:\/\/menjarsroseta.cat\/wp-content\/uploads\/2016\/11\/POMES.ROSETA-3.jpg\",\"datePublished\":\"2016-11-14T23:16:26+00:00\",\"dateModified\":\"2019-08-10T06:51:29+00:00\",\"breadcrumb\":{\"@id\":\"https:\/\/menjarsroseta.cat\/pomes-farcides-sant-andreu\/#breadcrumb\"},\"inLanguage\":\"es\",\"potentialAction\":[{\"@type\":\"ReadAction\",\"target\":[\"https:\/\/menjarsroseta.cat\/pomes-farcides-sant-andreu\/\"]}]},{\"@type\":\"ImageObject\",\"inLanguage\":\"es\",\"@id\":\"https:\/\/menjarsroseta.cat\/pomes-farcides-sant-andreu\/#primaryimage\",\"url\":\"https:\/\/menjarsroseta.cat\/wp-content\/uploads\/2016\/11\/POMES.ROSETA-3.jpg\",\"contentUrl\":\"https:\/\/menjarsroseta.cat\/wp-content\/uploads\/2016\/11\/POMES.ROSETA-3.jpg\",\"width\":2048,\"height\":1536},{\"@type\":\"BreadcrumbList\",\"@id\":\"https:\/\/menjarsroseta.cat\/pomes-farcides-sant-andreu\/#breadcrumb\",\"itemListElement\":[{\"@type\":\"ListItem\",\"position\":1,\"name\":\"Inici\",\"item\":\"https:\/\/menjarsroseta.cat\/\"},{\"@type\":\"ListItem\",\"position\":2,\"name\":\"POMES FARCIDES DE SANT ANDREU\"}]},{\"@type\":\"WebSite\",\"@id\":\"https:\/\/lavender-partridge-477004.hostingersite.com\/#website\",\"url\":\"https:\/\/lavender-partridge-477004.hostingersite.com\/\",\"name\":\"Menjars Roseta\",\"description\":\"Menjars per emportar\",\"publisher\":{\"@id\":\"https:\/\/lavender-partridge-477004.hostingersite.com\/#organization\"},\"potentialAction\":[{\"@type\":\"SearchAction\",\"target\":{\"@type\":\"EntryPoint\",\"urlTemplate\":\"https:\/\/lavender-partridge-477004.hostingersite.com\/?s={search_term_string}\"},\"query-input\":{\"@type\":\"PropertyValueSpecification\",\"valueRequired\":true,\"valueName\":\"search_term_string\"}}],\"inLanguage\":\"es\"},{\"@type\":\"Organization\",\"@id\":\"https:\/\/lavender-partridge-477004.hostingersite.com\/#organization\",\"name\":\"Menjars Roseta\",\"url\":\"https:\/\/lavender-partridge-477004.hostingersite.com\/\",\"logo\":{\"@type\":\"ImageObject\",\"inLanguage\":\"es\",\"@id\":\"https:\/\/lavender-partridge-477004.hostingersite.com\/#\/schema\/logo\/image\/\",\"url\":\"https:\/\/menjarsroseta.cat\/wp-content\/uploads\/2016\/03\/logo.jpg\",\"contentUrl\":\"https:\/\/menjarsroseta.cat\/wp-content\/uploads\/2016\/03\/logo.jpg\",\"width\":200,\"height\":77,\"caption\":\"Menjars Roseta\"},\"image\":{\"@id\":\"https:\/\/lavender-partridge-477004.hostingersite.com\/#\/schema\/logo\/image\/\"},\"sameAs\":[\"https:\/\/www.facebook.com\/profile.php?id=100010652077876&fref=ts\"]},{\"@type\":\"Person\",\"@id\":\"https:\/\/lavender-partridge-477004.hostingersite.com\/#\/schema\/person\/6056ffc6b7640c9117b2387577256604\",\"name\":\"Andreu Rodenas\",\"image\":{\"@type\":\"ImageObject\",\"inLanguage\":\"es\",\"@id\":\"https:\/\/lavender-partridge-477004.hostingersite.com\/#\/schema\/person\/image\/\",\"url\":\"https:\/\/secure.gravatar.com\/avatar\/61d519d57e087ec2b83b9f48fdfad76e2c85eff7c279219db9071a352e528e28?s=96&d=mm&r=g\",\"contentUrl\":\"https:\/\/secure.gravatar.com\/avatar\/61d519d57e087ec2b83b9f48fdfad76e2c85eff7c279219db9071a352e528e28?s=96&d=mm&r=g\",\"caption\":\"Andreu Rodenas\"},\"url\":\"https:\/\/menjarsroseta.cat\/es\/author\/andreu\/\"}]}<\/script>\n<!-- \/ Yoast SEO plugin. -->","yoast_head_json":{"title":"(Catal\u00e0) POMES FARCIDES DE SANT ANDREU - Menjars Roseta","robots":{"index":"index","follow":"follow","max-snippet":"max-snippet:-1","max-image-preview":"max-image-preview:large","max-video-preview":"max-video-preview:-1"},"canonical":"https:\/\/menjarsroseta.cat\/pomes-farcides-sant-andreu\/","og_locale":"es_ES","og_type":"article","og_title":"(Catal\u00e0) POMES FARCIDES DE SANT ANDREU - Menjars Roseta","og_description":"El mes de Noviembre es un momento importante para Llavaneres y sobretodo para la gastronomia local pues es\u00a0el momento de Read More...","og_url":"https:\/\/menjarsroseta.cat\/pomes-farcides-sant-andreu\/","og_site_name":"Menjars Roseta","article_publisher":"https:\/\/www.facebook.com\/profile.php?id=100010652077876&fref=ts","article_published_time":"2016-11-14T23:16:26+00:00","article_modified_time":"2019-08-10T06:51:29+00:00","og_image":[{"width":2048,"height":1536,"url":"https:\/\/menjarsroseta.cat\/wp-content\/uploads\/2016\/11\/POMES.ROSETA-3.jpg","type":"image\/jpeg"}],"author":"Andreu Rodenas","twitter_card":"summary_large_image","twitter_misc":{"Escrito por":"Andreu Rodenas","Tiempo de lectura":"2 minutos"},"schema":{"@context":"https:\/\/schema.org","@graph":[{"@type":"Article","@id":"https:\/\/menjarsroseta.cat\/pomes-farcides-sant-andreu\/#article","isPartOf":{"@id":"https:\/\/menjarsroseta.cat\/pomes-farcides-sant-andreu\/"},"author":{"name":"Andreu Rodenas","@id":"https:\/\/lavender-partridge-477004.hostingersite.com\/#\/schema\/person\/6056ffc6b7640c9117b2387577256604"},"headline":"(Catal\u00e0) POMES FARCIDES DE SANT ANDREU","datePublished":"2016-11-14T23:16:26+00:00","dateModified":"2019-08-10T06:51:29+00:00","mainEntityOfPage":{"@id":"https:\/\/menjarsroseta.cat\/pomes-farcides-sant-andreu\/"},"wordCount":411,"publisher":{"@id":"https:\/\/lavender-partridge-477004.hostingersite.com\/#organization"},"image":{"@id":"https:\/\/menjarsroseta.cat\/pomes-farcides-sant-andreu\/#primaryimage"},"thumbnailUrl":"https:\/\/menjarsroseta.cat\/wp-content\/uploads\/2016\/11\/POMES.ROSETA-3.jpg","keywords":["Llavaneres","plats t\u00edpics","Pomes","rostit"],"inLanguage":"es"},{"@type":"WebPage","@id":"https:\/\/menjarsroseta.cat\/pomes-farcides-sant-andreu\/","url":"https:\/\/menjarsroseta.cat\/pomes-farcides-sant-andreu\/","name":"(Catal\u00e0) POMES FARCIDES DE SANT ANDREU - Menjars Roseta","isPartOf":{"@id":"https:\/\/lavender-partridge-477004.hostingersite.com\/#website"},"primaryImageOfPage":{"@id":"https:\/\/menjarsroseta.cat\/pomes-farcides-sant-andreu\/#primaryimage"},"image":{"@id":"https:\/\/menjarsroseta.cat\/pomes-farcides-sant-andreu\/#primaryimage"},"thumbnailUrl":"https:\/\/menjarsroseta.cat\/wp-content\/uploads\/2016\/11\/POMES.ROSETA-3.jpg","datePublished":"2016-11-14T23:16:26+00:00","dateModified":"2019-08-10T06:51:29+00:00","breadcrumb":{"@id":"https:\/\/menjarsroseta.cat\/pomes-farcides-sant-andreu\/#breadcrumb"},"inLanguage":"es","potentialAction":[{"@type":"ReadAction","target":["https:\/\/menjarsroseta.cat\/pomes-farcides-sant-andreu\/"]}]},{"@type":"ImageObject","inLanguage":"es","@id":"https:\/\/menjarsroseta.cat\/pomes-farcides-sant-andreu\/#primaryimage","url":"https:\/\/menjarsroseta.cat\/wp-content\/uploads\/2016\/11\/POMES.ROSETA-3.jpg","contentUrl":"https:\/\/menjarsroseta.cat\/wp-content\/uploads\/2016\/11\/POMES.ROSETA-3.jpg","width":2048,"height":1536},{"@type":"BreadcrumbList","@id":"https:\/\/menjarsroseta.cat\/pomes-farcides-sant-andreu\/#breadcrumb","itemListElement":[{"@type":"ListItem","position":1,"name":"Inici","item":"https:\/\/menjarsroseta.cat\/"},{"@type":"ListItem","position":2,"name":"POMES FARCIDES DE SANT ANDREU"}]},{"@type":"WebSite","@id":"https:\/\/lavender-partridge-477004.hostingersite.com\/#website","url":"https:\/\/lavender-partridge-477004.hostingersite.com\/","name":"Menjars Roseta","description":"Menjars per emportar","publisher":{"@id":"https:\/\/lavender-partridge-477004.hostingersite.com\/#organization"},"potentialAction":[{"@type":"SearchAction","target":{"@type":"EntryPoint","urlTemplate":"https:\/\/lavender-partridge-477004.hostingersite.com\/?s={search_term_string}"},"query-input":{"@type":"PropertyValueSpecification","valueRequired":true,"valueName":"search_term_string"}}],"inLanguage":"es"},{"@type":"Organization","@id":"https:\/\/lavender-partridge-477004.hostingersite.com\/#organization","name":"Menjars Roseta","url":"https:\/\/lavender-partridge-477004.hostingersite.com\/","logo":{"@type":"ImageObject","inLanguage":"es","@id":"https:\/\/lavender-partridge-477004.hostingersite.com\/#\/schema\/logo\/image\/","url":"https:\/\/menjarsroseta.cat\/wp-content\/uploads\/2016\/03\/logo.jpg","contentUrl":"https:\/\/menjarsroseta.cat\/wp-content\/uploads\/2016\/03\/logo.jpg","width":200,"height":77,"caption":"Menjars Roseta"},"image":{"@id":"https:\/\/lavender-partridge-477004.hostingersite.com\/#\/schema\/logo\/image\/"},"sameAs":["https:\/\/www.facebook.com\/profile.php?id=100010652077876&fref=ts"]},{"@type":"Person","@id":"https:\/\/lavender-partridge-477004.hostingersite.com\/#\/schema\/person\/6056ffc6b7640c9117b2387577256604","name":"Andreu Rodenas","image":{"@type":"ImageObject","inLanguage":"es","@id":"https:\/\/lavender-partridge-477004.hostingersite.com\/#\/schema\/person\/image\/","url":"https:\/\/secure.gravatar.com\/avatar\/61d519d57e087ec2b83b9f48fdfad76e2c85eff7c279219db9071a352e528e28?s=96&d=mm&r=g","contentUrl":"https:\/\/secure.gravatar.com\/avatar\/61d519d57e087ec2b83b9f48fdfad76e2c85eff7c279219db9071a352e528e28?s=96&d=mm&r=g","caption":"Andreu Rodenas"},"url":"https:\/\/menjarsroseta.cat\/es\/author\/andreu\/"}]}},"_links":{"self":[{"href":"https:\/\/menjarsroseta.cat\/es\/wp-json\/wp\/v2\/posts\/3958","targetHints":{"allow":["GET"]}}],"collection":[{"href":"https:\/\/menjarsroseta.cat\/es\/wp-json\/wp\/v2\/posts"}],"about":[{"href":"https:\/\/menjarsroseta.cat\/es\/wp-json\/wp\/v2\/types\/post"}],"author":[{"embeddable":true,"href":"https:\/\/menjarsroseta.cat\/es\/wp-json\/wp\/v2\/users\/3"}],"replies":[{"embeddable":true,"href":"https:\/\/menjarsroseta.cat\/es\/wp-json\/wp\/v2\/comments?post=3958"}],"version-history":[{"count":6,"href":"https:\/\/menjarsroseta.cat\/es\/wp-json\/wp\/v2\/posts\/3958\/revisions"}],"predecessor-version":[{"id":4050,"href":"https:\/\/menjarsroseta.cat\/es\/wp-json\/wp\/v2\/posts\/3958\/revisions\/4050"}],"wp:featuredmedia":[{"embeddable":true,"href":"https:\/\/menjarsroseta.cat\/es\/wp-json\/wp\/v2\/media\/3968"}],"wp:attachment":[{"href":"https:\/\/menjarsroseta.cat\/es\/wp-json\/wp\/v2\/media?parent=3958"}],"wp:term":[{"taxonomy":"category","embeddable":true,"href":"https:\/\/menjarsroseta.cat\/es\/wp-json\/wp\/v2\/categories?post=3958"},{"taxonomy":"post_tag","embeddable":true,"href":"https:\/\/menjarsroseta.cat\/es\/wp-json\/wp\/v2\/tags?post=3958"}],"curies":[{"name":"wp","href":"https:\/\/api.w.org\/{rel}","templated":true}]}}