{"id":3544,"date":"2016-04-14T19:59:15","date_gmt":"2016-04-14T18:59:15","guid":{"rendered":"http:\/\/menjarsroseta.cat\/?p=3544"},"modified":"2017-05-31T09:29:34","modified_gmt":"2017-05-31T08:29:34","slug":"festa-del-pesol-de-llavaneres-2014","status":"publish","type":"post","link":"https:\/\/menjarsroseta.cat\/es\/festa-del-pesol-de-llavaneres-2014\/","title":{"rendered":"FIESTA DEL GUISANTE DE LLAVANERES 2014"},"content":{"rendered":"<p><\/p>\n<header class=\"entry-header\">\n<div class=\"post-date\"><\/div>\n<h1 class=\"entry-title\"><a href=\"https:\/\/menjarsroseta.wordpress.com\/2014\/06\/29\/festa-del-pesol-2014\/olympus-digital-camera\/\" rel=\"attachment wp-att-565\"><img loading=\"lazy\" decoding=\"async\" class=\"wp-image-565\" src=\"https:\/\/menjarsroseta.files.wordpress.com\/2014\/06\/p4130004-e1404073356693.jpg?w=252&amp;h=300\" alt=\"\" width=\"252\" height=\"300\" \/><\/a><\/h1>\n<\/header>\n<div class=\"entry-content\">\n<p style=\"text-align: justify;\">El dia 26 de abril de 2014 durante la celebraci\u00f3n de la cena del guisante dentro de los actos programados en la Fiesta del Guisante, le fue entregada a nuestro padre el Sr. Andr\u00e9s R\u00f3denas I\u00f1iguez, la distinci\u00f3n del 8\u00ba Guisante de Oro. Sus hijos nos sentimos muy orgullosos de este reconocimiento.<\/p>\n<div id=\"attachment_559\" class=\"wp-caption alignnone\" style=\"text-align: left;\" data-shortcode=\"caption\">\n<div id=\"attachment_559\" style=\"width: 603px\" class=\"wp-caption alignnone\"><a href=\"https:\/\/menjarsroseta.wordpress.com\/2014\/06\/29\/festa-del-pesol-2014\/entrega1\/\" rel=\"attachment wp-att-559\"><img loading=\"lazy\" decoding=\"async\" aria-describedby=\"caption-attachment-559\" class=\"wp-image-559 size-large\" src=\"https:\/\/menjarsroseta.files.wordpress.com\/2014\/06\/entrega1.jpg?w=593&amp;h=393\" alt=\"\" width=\"593\" height=\"393\" \/><\/a><\/p>\n<p id=\"caption-attachment-559\" class=\"wp-caption-text\">MOMENTO DE LA ENTREGA DE LA 8\u00aa DISTINCI\u00d3N DEL GUISANTE DE ORO POR PARTE DEL ALCALDE DE LLAVANERES<\/p>\n<\/div>\n<p style=\"text-align: justify;\">Esta distinci\u00f3n ha sido un homenaje a un hombre trabajador que ha dedicado su vida al mundo de la agricultura, la jardineria y la restauraci\u00f3n en nuestro pueblo. Nuestro padre ha sido un hombre autodidacta que se hizo a s\u00ed mismo salvando todas la circusntancias adversas que a lo largo de su vida se le fueron presentando. Lleg\u00f3 a Llavaneres a la edad de 18 a\u00f1os siguiendo los pasos de su padre quien tuvo que emigrar de su pueblo (Ayora, V\u00e1lencia) por haber luchando defendiendo la Rep\u00fablica. Andr\u00e9s tuvo un proceso de integraci\u00f3n bastante r\u00e1pido aunque no fue f\u00e1cil y fue acogido al cabo de poco tiempo de instalarse en Llavaneres por la familia de quien m\u00e1s tarde fue y aun es su esposa. Los primeros a\u00f1os los dedic\u00f3 a trabajar de pay\u00e9s en diferentes huertos del pueblo y ya en la decada de los a\u00f1os 60 fue a trabajar junto a su familia como masovero en la casa de la familia Bernades donde tuvo la oportunidad de seguir aprendiendo el mundo de la jardineria, la agricultura y donde adem\u00e1s aprendi\u00f3 el oficio de camarero.<\/p>\n<\/div>\n<p style=\"text-align: justify;\">En el a\u00f1o 1974 con la ayuda de toda la familia abri\u00f3 un restaurante dentro del complejo de apartamentos Sant Pere (RESTAURANTE CARMEN) y as\u00ed inici\u00f3 una nueva y definitiva etapa de su vida ligada al mundo de la restauraci\u00f3n y gastronomia, ya que a\u00f1os despu\u00e9s tuvo la oportunidad de trabajar en el restaurante \u00abCA l&#8217;Avi Pep\u00bb de la familia Graupera, tambi\u00e9n en el restaurante \u00abMas Nadal\u00bb de la familia Costa y finalmente en el a\u00f1o 1981 abirendo la que todav\u00eda hoy es la tienda de comidas para llevar \u00abMENJARS CUINATS ROSETA\u00bb.<\/p>\n<p style=\"text-align: justify;\">En todos estos periodos ya bien como pay\u00e9s, ya bien como restaurador ha conocido con mucha profundidad el mundo del guisante \u00abgarrofal\u00bb de Llavaneres, y es por eso que esta distinci\u00f3n ha de entenderse como un reconocimiento por parte de su pueblo de acogida a toda una trayectoria ligado de una manera u otra a este producto tan nuestro.<\/p>\n<p style=\"text-align: justify;\">Como pay\u00e9s los plant\u00f3 y recogi\u00f3 durante muchos a\u00f1os en diversos huertos del pueblo, en su restaurante ya fueron muy apreciados por la forma de cocinarlos. En su etapa de camarero en el restaurante \u00abCa l&#8217;avi Pepe\u00bb tambi\u00e9n los cultivaba para abastecer al restaurante de la familia Graupera, finalmente durante su etapa al frente de Menjars Cuinats Roseta los guisantes de Llavaneres fueron y gracias a \u00e9l siguen siendo uno de sus platos estrella y m\u00e1s exquisitos.<\/p>\n<p style=\"text-align: justify;\">Desde este peque\u00f1o espacio queremos agradecer a todos los que hicieron posible esta distinci\u00f3n, y tambien a los que durante 69 a\u00f1os que lleva viviendo en Llavaneres lo hay ayudado y querido, en nombre de nuestro padre MUCHAS GRACIAS !!!!!<\/p>\n<div id=\"attachment_555\" style=\"width: 603px\" class=\"wp-caption alignnone\"><a href=\"https:\/\/menjarsroseta.wordpress.com\/2014\/06\/29\/festa-del-pesol-2014\/img_7725\/\" rel=\"attachment wp-att-555\"><img loading=\"lazy\" decoding=\"async\" aria-describedby=\"caption-attachment-555\" class=\"wp-image-555 size-large\" src=\"https:\/\/menjarsroseta.files.wordpress.com\/2014\/06\/img_7725.jpg?w=593&amp;h=444\" alt=\"\" width=\"593\" height=\"444\" \/><\/a><\/p>\n<p id=\"caption-attachment-555\" class=\"wp-caption-text\">Nuestros padres Andr\u00e9s y Carmen<\/p>\n<\/div>\n<\/div>\n<p><\/p>","protected":false},"excerpt":{"rendered":"<p>El dia 26 de abril de 2014 durante la celebraci\u00f3n de la cena del guisante dentro de los actos programados <a class=\"read-more\" href=\"https:\/\/menjarsroseta.cat\/es\/festa-del-pesol-de-llavaneres-2014\/\">Read More&#8230;<\/a><\/p>\n","protected":false},"author":3,"featured_media":3550,"comment_status":"closed","ping_status":"open","sticky":false,"template":"","format":"standard","meta":{"ngg_post_thumbnail":0,"footnotes":""},"categories":[1],"tags":[],"class_list":["post-3544","post","type-post","status-publish","format-standard","has-post-thumbnail","hentry","category-sin-categoria"],"yoast_head":"<!-- This site is optimized with the Yoast SEO plugin v26.7 - https:\/\/yoast.com\/wordpress\/plugins\/seo\/ -->\n<title>FIESTA DEL GUISANTE DE LLAVANERES 2014 - Menjars Roseta<\/title>\n<meta name=\"robots\" content=\"index, follow, max-snippet:-1, max-image-preview:large, max-video-preview:-1\" \/>\n<link rel=\"canonical\" href=\"https:\/\/menjarsroseta.cat\/festa-del-pesol-de-llavaneres-2014\/\" \/>\n<meta property=\"og:locale\" content=\"es_ES\" \/>\n<meta property=\"og:type\" content=\"article\" \/>\n<meta property=\"og:title\" content=\"FIESTA DEL GUISANTE DE LLAVANERES 2014 - Menjars Roseta\" \/>\n<meta property=\"og:description\" content=\"El dia 26 de abril de 2014 durante la celebraci\u00f3n de la cena del guisante dentro de los actos programados Read More...\" \/>\n<meta property=\"og:url\" content=\"https:\/\/menjarsroseta.cat\/festa-del-pesol-de-llavaneres-2014\/\" \/>\n<meta property=\"og:site_name\" content=\"Menjars Roseta\" \/>\n<meta property=\"article:publisher\" content=\"https:\/\/www.facebook.com\/profile.php?id=100010652077876&amp;fref=ts\" \/>\n<meta property=\"article:published_time\" content=\"2016-04-14T18:59:15+00:00\" \/>\n<meta property=\"article:modified_time\" content=\"2017-05-31T08:29:34+00:00\" \/>\n<meta property=\"og:image\" content=\"https:\/\/menjarsroseta.cat\/wp-content\/uploads\/2016\/04\/Festa_Pesol-e1460660677640.jpg\" \/>\n\t<meta property=\"og:image:width\" content=\"1000\" \/>\n\t<meta property=\"og:image:height\" content=\"663\" \/>\n\t<meta property=\"og:image:type\" content=\"image\/jpeg\" \/>\n<meta name=\"author\" content=\"Andreu Rodenas\" \/>\n<meta name=\"twitter:card\" content=\"summary_large_image\" \/>\n<meta name=\"twitter:label1\" content=\"Escrito por\" \/>\n\t<meta name=\"twitter:data1\" content=\"Andreu Rodenas\" \/>\n\t<meta name=\"twitter:label2\" content=\"Tiempo de lectura\" \/>\n\t<meta name=\"twitter:data2\" content=\"6 minutos\" \/>\n<script type=\"application\/ld+json\" class=\"yoast-schema-graph\">{\"@context\":\"https:\/\/schema.org\",\"@graph\":[{\"@type\":\"Article\",\"@id\":\"https:\/\/menjarsroseta.cat\/festa-del-pesol-de-llavaneres-2014\/#article\",\"isPartOf\":{\"@id\":\"https:\/\/menjarsroseta.cat\/festa-del-pesol-de-llavaneres-2014\/\"},\"author\":{\"name\":\"Andreu Rodenas\",\"@id\":\"https:\/\/lavender-partridge-477004.hostingersite.com\/#\/schema\/person\/6056ffc6b7640c9117b2387577256604\"},\"headline\":\"FIESTA DEL GUISANTE DE LLAVANERES 2014\",\"datePublished\":\"2016-04-14T18:59:15+00:00\",\"dateModified\":\"2017-05-31T08:29:34+00:00\",\"mainEntityOfPage\":{\"@id\":\"https:\/\/menjarsroseta.cat\/festa-del-pesol-de-llavaneres-2014\/\"},\"wordCount\":1138,\"publisher\":{\"@id\":\"https:\/\/lavender-partridge-477004.hostingersite.com\/#organization\"},\"image\":{\"@id\":\"https:\/\/menjarsroseta.cat\/festa-del-pesol-de-llavaneres-2014\/#primaryimage\"},\"thumbnailUrl\":\"https:\/\/menjarsroseta.cat\/wp-content\/uploads\/2016\/04\/Festa_Pesol-e1460660677640.jpg\",\"inLanguage\":\"es\"},{\"@type\":\"WebPage\",\"@id\":\"https:\/\/menjarsroseta.cat\/festa-del-pesol-de-llavaneres-2014\/\",\"url\":\"https:\/\/menjarsroseta.cat\/festa-del-pesol-de-llavaneres-2014\/\",\"name\":\"FIESTA DEL GUISANTE DE LLAVANERES 2014 - Menjars Roseta\",\"isPartOf\":{\"@id\":\"https:\/\/lavender-partridge-477004.hostingersite.com\/#website\"},\"primaryImageOfPage\":{\"@id\":\"https:\/\/menjarsroseta.cat\/festa-del-pesol-de-llavaneres-2014\/#primaryimage\"},\"image\":{\"@id\":\"https:\/\/menjarsroseta.cat\/festa-del-pesol-de-llavaneres-2014\/#primaryimage\"},\"thumbnailUrl\":\"https:\/\/menjarsroseta.cat\/wp-content\/uploads\/2016\/04\/Festa_Pesol-e1460660677640.jpg\",\"datePublished\":\"2016-04-14T18:59:15+00:00\",\"dateModified\":\"2017-05-31T08:29:34+00:00\",\"breadcrumb\":{\"@id\":\"https:\/\/menjarsroseta.cat\/festa-del-pesol-de-llavaneres-2014\/#breadcrumb\"},\"inLanguage\":\"es\",\"potentialAction\":[{\"@type\":\"ReadAction\",\"target\":[\"https:\/\/menjarsroseta.cat\/festa-del-pesol-de-llavaneres-2014\/\"]}]},{\"@type\":\"ImageObject\",\"inLanguage\":\"es\",\"@id\":\"https:\/\/menjarsroseta.cat\/festa-del-pesol-de-llavaneres-2014\/#primaryimage\",\"url\":\"https:\/\/menjarsroseta.cat\/wp-content\/uploads\/2016\/04\/Festa_Pesol-e1460660677640.jpg\",\"contentUrl\":\"https:\/\/menjarsroseta.cat\/wp-content\/uploads\/2016\/04\/Festa_Pesol-e1460660677640.jpg\",\"width\":1000,\"height\":663},{\"@type\":\"BreadcrumbList\",\"@id\":\"https:\/\/menjarsroseta.cat\/festa-del-pesol-de-llavaneres-2014\/#breadcrumb\",\"itemListElement\":[{\"@type\":\"ListItem\",\"position\":1,\"name\":\"Inici\",\"item\":\"https:\/\/menjarsroseta.cat\/\"},{\"@type\":\"ListItem\",\"position\":2,\"name\":\"FESTA DEL P\u00c8SOL DE LLAVANERES 2014\"}]},{\"@type\":\"WebSite\",\"@id\":\"https:\/\/lavender-partridge-477004.hostingersite.com\/#website\",\"url\":\"https:\/\/lavender-partridge-477004.hostingersite.com\/\",\"name\":\"Menjars Roseta\",\"description\":\"Menjars per emportar\",\"publisher\":{\"@id\":\"https:\/\/lavender-partridge-477004.hostingersite.com\/#organization\"},\"potentialAction\":[{\"@type\":\"SearchAction\",\"target\":{\"@type\":\"EntryPoint\",\"urlTemplate\":\"https:\/\/lavender-partridge-477004.hostingersite.com\/?s={search_term_string}\"},\"query-input\":{\"@type\":\"PropertyValueSpecification\",\"valueRequired\":true,\"valueName\":\"search_term_string\"}}],\"inLanguage\":\"es\"},{\"@type\":\"Organization\",\"@id\":\"https:\/\/lavender-partridge-477004.hostingersite.com\/#organization\",\"name\":\"Menjars Roseta\",\"url\":\"https:\/\/lavender-partridge-477004.hostingersite.com\/\",\"logo\":{\"@type\":\"ImageObject\",\"inLanguage\":\"es\",\"@id\":\"https:\/\/lavender-partridge-477004.hostingersite.com\/#\/schema\/logo\/image\/\",\"url\":\"https:\/\/menjarsroseta.cat\/wp-content\/uploads\/2016\/03\/logo.jpg\",\"contentUrl\":\"https:\/\/menjarsroseta.cat\/wp-content\/uploads\/2016\/03\/logo.jpg\",\"width\":200,\"height\":77,\"caption\":\"Menjars Roseta\"},\"image\":{\"@id\":\"https:\/\/lavender-partridge-477004.hostingersite.com\/#\/schema\/logo\/image\/\"},\"sameAs\":[\"https:\/\/www.facebook.com\/profile.php?id=100010652077876&fref=ts\"]},{\"@type\":\"Person\",\"@id\":\"https:\/\/lavender-partridge-477004.hostingersite.com\/#\/schema\/person\/6056ffc6b7640c9117b2387577256604\",\"name\":\"Andreu Rodenas\",\"image\":{\"@type\":\"ImageObject\",\"inLanguage\":\"es\",\"@id\":\"https:\/\/lavender-partridge-477004.hostingersite.com\/#\/schema\/person\/image\/\",\"url\":\"https:\/\/secure.gravatar.com\/avatar\/61d519d57e087ec2b83b9f48fdfad76e2c85eff7c279219db9071a352e528e28?s=96&d=mm&r=g\",\"contentUrl\":\"https:\/\/secure.gravatar.com\/avatar\/61d519d57e087ec2b83b9f48fdfad76e2c85eff7c279219db9071a352e528e28?s=96&d=mm&r=g\",\"caption\":\"Andreu Rodenas\"},\"url\":\"https:\/\/menjarsroseta.cat\/es\/author\/andreu\/\"}]}<\/script>\n<!-- \/ Yoast SEO plugin. -->","yoast_head_json":{"title":"FIESTA DEL GUISANTE DE LLAVANERES 2014 - Menjars Roseta","robots":{"index":"index","follow":"follow","max-snippet":"max-snippet:-1","max-image-preview":"max-image-preview:large","max-video-preview":"max-video-preview:-1"},"canonical":"https:\/\/menjarsroseta.cat\/festa-del-pesol-de-llavaneres-2014\/","og_locale":"es_ES","og_type":"article","og_title":"FIESTA DEL GUISANTE DE LLAVANERES 2014 - Menjars Roseta","og_description":"El dia 26 de abril de 2014 durante la celebraci\u00f3n de la cena del guisante dentro de los actos programados Read More...","og_url":"https:\/\/menjarsroseta.cat\/festa-del-pesol-de-llavaneres-2014\/","og_site_name":"Menjars Roseta","article_publisher":"https:\/\/www.facebook.com\/profile.php?id=100010652077876&fref=ts","article_published_time":"2016-04-14T18:59:15+00:00","article_modified_time":"2017-05-31T08:29:34+00:00","og_image":[{"width":1000,"height":663,"url":"https:\/\/menjarsroseta.cat\/wp-content\/uploads\/2016\/04\/Festa_Pesol-e1460660677640.jpg","type":"image\/jpeg"}],"author":"Andreu Rodenas","twitter_card":"summary_large_image","twitter_misc":{"Escrito por":"Andreu Rodenas","Tiempo de lectura":"6 minutos"},"schema":{"@context":"https:\/\/schema.org","@graph":[{"@type":"Article","@id":"https:\/\/menjarsroseta.cat\/festa-del-pesol-de-llavaneres-2014\/#article","isPartOf":{"@id":"https:\/\/menjarsroseta.cat\/festa-del-pesol-de-llavaneres-2014\/"},"author":{"name":"Andreu Rodenas","@id":"https:\/\/lavender-partridge-477004.hostingersite.com\/#\/schema\/person\/6056ffc6b7640c9117b2387577256604"},"headline":"FIESTA DEL GUISANTE DE LLAVANERES 2014","datePublished":"2016-04-14T18:59:15+00:00","dateModified":"2017-05-31T08:29:34+00:00","mainEntityOfPage":{"@id":"https:\/\/menjarsroseta.cat\/festa-del-pesol-de-llavaneres-2014\/"},"wordCount":1138,"publisher":{"@id":"https:\/\/lavender-partridge-477004.hostingersite.com\/#organization"},"image":{"@id":"https:\/\/menjarsroseta.cat\/festa-del-pesol-de-llavaneres-2014\/#primaryimage"},"thumbnailUrl":"https:\/\/menjarsroseta.cat\/wp-content\/uploads\/2016\/04\/Festa_Pesol-e1460660677640.jpg","inLanguage":"es"},{"@type":"WebPage","@id":"https:\/\/menjarsroseta.cat\/festa-del-pesol-de-llavaneres-2014\/","url":"https:\/\/menjarsroseta.cat\/festa-del-pesol-de-llavaneres-2014\/","name":"FIESTA DEL GUISANTE DE LLAVANERES 2014 - Menjars Roseta","isPartOf":{"@id":"https:\/\/lavender-partridge-477004.hostingersite.com\/#website"},"primaryImageOfPage":{"@id":"https:\/\/menjarsroseta.cat\/festa-del-pesol-de-llavaneres-2014\/#primaryimage"},"image":{"@id":"https:\/\/menjarsroseta.cat\/festa-del-pesol-de-llavaneres-2014\/#primaryimage"},"thumbnailUrl":"https:\/\/menjarsroseta.cat\/wp-content\/uploads\/2016\/04\/Festa_Pesol-e1460660677640.jpg","datePublished":"2016-04-14T18:59:15+00:00","dateModified":"2017-05-31T08:29:34+00:00","breadcrumb":{"@id":"https:\/\/menjarsroseta.cat\/festa-del-pesol-de-llavaneres-2014\/#breadcrumb"},"inLanguage":"es","potentialAction":[{"@type":"ReadAction","target":["https:\/\/menjarsroseta.cat\/festa-del-pesol-de-llavaneres-2014\/"]}]},{"@type":"ImageObject","inLanguage":"es","@id":"https:\/\/menjarsroseta.cat\/festa-del-pesol-de-llavaneres-2014\/#primaryimage","url":"https:\/\/menjarsroseta.cat\/wp-content\/uploads\/2016\/04\/Festa_Pesol-e1460660677640.jpg","contentUrl":"https:\/\/menjarsroseta.cat\/wp-content\/uploads\/2016\/04\/Festa_Pesol-e1460660677640.jpg","width":1000,"height":663},{"@type":"BreadcrumbList","@id":"https:\/\/menjarsroseta.cat\/festa-del-pesol-de-llavaneres-2014\/#breadcrumb","itemListElement":[{"@type":"ListItem","position":1,"name":"Inici","item":"https:\/\/menjarsroseta.cat\/"},{"@type":"ListItem","position":2,"name":"FESTA DEL P\u00c8SOL DE LLAVANERES 2014"}]},{"@type":"WebSite","@id":"https:\/\/lavender-partridge-477004.hostingersite.com\/#website","url":"https:\/\/lavender-partridge-477004.hostingersite.com\/","name":"Menjars Roseta","description":"Menjars per emportar","publisher":{"@id":"https:\/\/lavender-partridge-477004.hostingersite.com\/#organization"},"potentialAction":[{"@type":"SearchAction","target":{"@type":"EntryPoint","urlTemplate":"https:\/\/lavender-partridge-477004.hostingersite.com\/?s={search_term_string}"},"query-input":{"@type":"PropertyValueSpecification","valueRequired":true,"valueName":"search_term_string"}}],"inLanguage":"es"},{"@type":"Organization","@id":"https:\/\/lavender-partridge-477004.hostingersite.com\/#organization","name":"Menjars Roseta","url":"https:\/\/lavender-partridge-477004.hostingersite.com\/","logo":{"@type":"ImageObject","inLanguage":"es","@id":"https:\/\/lavender-partridge-477004.hostingersite.com\/#\/schema\/logo\/image\/","url":"https:\/\/menjarsroseta.cat\/wp-content\/uploads\/2016\/03\/logo.jpg","contentUrl":"https:\/\/menjarsroseta.cat\/wp-content\/uploads\/2016\/03\/logo.jpg","width":200,"height":77,"caption":"Menjars Roseta"},"image":{"@id":"https:\/\/lavender-partridge-477004.hostingersite.com\/#\/schema\/logo\/image\/"},"sameAs":["https:\/\/www.facebook.com\/profile.php?id=100010652077876&fref=ts"]},{"@type":"Person","@id":"https:\/\/lavender-partridge-477004.hostingersite.com\/#\/schema\/person\/6056ffc6b7640c9117b2387577256604","name":"Andreu Rodenas","image":{"@type":"ImageObject","inLanguage":"es","@id":"https:\/\/lavender-partridge-477004.hostingersite.com\/#\/schema\/person\/image\/","url":"https:\/\/secure.gravatar.com\/avatar\/61d519d57e087ec2b83b9f48fdfad76e2c85eff7c279219db9071a352e528e28?s=96&d=mm&r=g","contentUrl":"https:\/\/secure.gravatar.com\/avatar\/61d519d57e087ec2b83b9f48fdfad76e2c85eff7c279219db9071a352e528e28?s=96&d=mm&r=g","caption":"Andreu Rodenas"},"url":"https:\/\/menjarsroseta.cat\/es\/author\/andreu\/"}]}},"_links":{"self":[{"href":"https:\/\/menjarsroseta.cat\/es\/wp-json\/wp\/v2\/posts\/3544","targetHints":{"allow":["GET"]}}],"collection":[{"href":"https:\/\/menjarsroseta.cat\/es\/wp-json\/wp\/v2\/posts"}],"about":[{"href":"https:\/\/menjarsroseta.cat\/es\/wp-json\/wp\/v2\/types\/post"}],"author":[{"embeddable":true,"href":"https:\/\/menjarsroseta.cat\/es\/wp-json\/wp\/v2\/users\/3"}],"replies":[{"embeddable":true,"href":"https:\/\/menjarsroseta.cat\/es\/wp-json\/wp\/v2\/comments?post=3544"}],"version-history":[{"count":8,"href":"https:\/\/menjarsroseta.cat\/es\/wp-json\/wp\/v2\/posts\/3544\/revisions"}],"predecessor-version":[{"id":3933,"href":"https:\/\/menjarsroseta.cat\/es\/wp-json\/wp\/v2\/posts\/3544\/revisions\/3933"}],"wp:featuredmedia":[{"embeddable":true,"href":"https:\/\/menjarsroseta.cat\/es\/wp-json\/wp\/v2\/media\/3550"}],"wp:attachment":[{"href":"https:\/\/menjarsroseta.cat\/es\/wp-json\/wp\/v2\/media?parent=3544"}],"wp:term":[{"taxonomy":"category","embeddable":true,"href":"https:\/\/menjarsroseta.cat\/es\/wp-json\/wp\/v2\/categories?post=3544"},{"taxonomy":"post_tag","embeddable":true,"href":"https:\/\/menjarsroseta.cat\/es\/wp-json\/wp\/v2\/tags?post=3544"}],"curies":[{"name":"wp","href":"https:\/\/api.w.org\/{rel}","templated":true}]}}